{"id":285,"date":"2021-08-17T08:00:00","date_gmt":"2021-08-17T11:00:00","guid":{"rendered":"https:\/\/ellencoestagios.com.br\/blog\/?p=285"},"modified":"2021-08-30T17:48:49","modified_gmt":"2021-08-30T20:48:49","slug":"entrevista-com-maxwell-gerente-de-contas-key-account","status":"publish","type":"post","link":"https:\/\/ellencoestagios.com.br\/blog\/2021\/08\/17\/entrevista-com-maxwell-gerente-de-contas-key-account\/","title":{"rendered":"Entrevista com Maxwell, Gerente de Contas (Key Account)!"},"content":{"rendered":"\n<div class=\"wp-block-columns alignwide are-vertically-aligned-top is-layout-flex wp-container-core-columns-is-layout-9d6595d7 wp-block-columns-is-layout-flex\">\n<div class=\"wp-block-column is-vertically-aligned-top is-layout-flow wp-block-column-is-layout-flow\" style=\"flex-basis:100%\"><\/div>\n<\/div>\n\n\n\n<p style=\"font-size:22px\">Hoje o nosso convidado Max, <strong>profissional em Administra\u00e7\u00e3o e Marketing<\/strong>, conta um pouco melhor como foi a sua trajet\u00f3ria para alcan\u00e7ar seus objetivos, aproveitando para compartilhar algumas dicas essenciais para voc\u00eas que est\u00e3o iniciando no Mercado de Trabalho e quais foram os benef\u00edcios de ter passado pelo programa de Est\u00e1gio, acompanhem e desfrutem bastante. \ud83e\udd13<\/p>\n\n\n\n<p class=\"has-luminous-vivid-orange-color has-text-color\" style=\"font-size:23px\"><strong>LINK DA ENTREVISTA:<\/strong> <a href=\"https:\/\/www.instagram.com\/tv\/CSrsEIRnIvG\/?utm_source=ig_web_copy_link\">https:\/\/www.instagram.com\/tv\/CSrsEIRnIvG\/?utm_source=ig_web_copy_link<\/a><\/p>\n\n\n\n<p style=\"font-size:20px\"><strong>Fiquem ligados nas nossas Redes Sociais!<br>Em breve postaremos mais entrevistas com outros profissionais em homenagem ao Dia do Estagi\u00e1rio. \ud83d\udca5<\/strong><\/p>\n","protected":false},"excerpt":{"rendered":"<p>Hoje o nosso convidado Max, profissional em Administra\u00e7\u00e3o e Marketing, conta um pouco melhor como foi a sua trajet\u00f3ria para alcan\u00e7ar seus objetivos, aproveitando para compartilhar algumas dicas essenciais para voc\u00eas que est\u00e3o iniciando no Mercado de Trabalho e quais foram os benef\u00edcios de ter passado pelo programa de Est\u00e1gio, acompanhem e desfrutem bastante. \ud83e\udd13 [&hellip;]<\/p>\n","protected":false},"author":1,"featured_media":286,"comment_status":"open","ping_status":"closed","sticky":false,"template":"","format":"standard","meta":{"footnotes":""},"categories":[112,1,18],"tags":[79,109,7,14,28,21,110,111,17,4,12,13,108,8,107,9],"class_list":["post-285","post","type-post","status-publish","format-standard","has-post-thumbnail","hentry","category-categoria-depoimentos","category-categoria-empresas","category-categoria-estagiarios","tag-adm","tag-administracao-2","tag-adolescentes","tag-contratacoes","tag-ellencoestagios","tag-entrevista","tag-entrevistando","tag-entrevistaprofissional","tag-estagiarios","tag-estagio","tag-estudante","tag-jovens","tag-marketing","tag-oportunidade","tag-profissionaldemarketing","tag-vaga"],"_links":{"self":[{"href":"https:\/\/ellencoestagios.com.br\/blog\/wp-json\/wp\/v2\/posts\/285","targetHints":{"allow":["GET"]}}],"collection":[{"href":"https:\/\/ellencoestagios.com.br\/blog\/wp-json\/wp\/v2\/posts"}],"about":[{"href":"https:\/\/ellencoestagios.com.br\/blog\/wp-json\/wp\/v2\/types\/post"}],"author":[{"embeddable":true,"href":"https:\/\/ellencoestagios.com.br\/blog\/wp-json\/wp\/v2\/users\/1"}],"replies":[{"embeddable":true,"href":"https:\/\/ellencoestagios.com.br\/blog\/wp-json\/wp\/v2\/comments?post=285"}],"version-history":[{"count":13,"href":"https:\/\/ellencoestagios.com.br\/blog\/wp-json\/wp\/v2\/posts\/285\/revisions"}],"predecessor-version":[{"id":306,"href":"https:\/\/ellencoestagios.com.br\/blog\/wp-json\/wp\/v2\/posts\/285\/revisions\/306"}],"wp:featuredmedia":[{"embeddable":true,"href":"https:\/\/ellencoestagios.com.br\/blog\/wp-json\/wp\/v2\/media\/286"}],"wp:attachment":[{"href":"https:\/\/ellencoestagios.com.br\/blog\/wp-json\/wp\/v2\/media?parent=285"}],"wp:term":[{"taxonomy":"category","embeddable":true,"href":"https:\/\/ellencoestagios.com.br\/blog\/wp-json\/wp\/v2\/categories?post=285"},{"taxonomy":"post_tag","embeddable":true,"href":"https:\/\/ellencoestagios.com.br\/blog\/wp-json\/wp\/v2\/tags?post=285"}],"curies":[{"name":"wp","href":"https:\/\/api.w.org\/{rel}","templated":true}]}}