{"id":267,"date":"2021-08-18T08:00:00","date_gmt":"2021-08-18T11:00:00","guid":{"rendered":"https:\/\/ellencoestagios.com.br\/blog\/?p=267"},"modified":"2021-08-30T16:21:18","modified_gmt":"2021-08-30T19:21:18","slug":"dia-do-estagiario-17-08","status":"publish","type":"post","link":"https:\/\/ellencoestagios.com.br\/blog\/2021\/08\/18\/dia-do-estagiario-17-08\/","title":{"rendered":"Dia do Estagi\u00e1rio (17\/08)"},"content":{"rendered":"\n<p style=\"font-size:16px\">Ser estagi\u00e1rio(a) \u00e9 poder adquirir experi\u00eancia profissional, vivenciar o dia a dia do setor de interesse e ampliar sua rede de contatos, al\u00e9m de reunir habilidades t\u00e9cnicas e comportamentais, \u00e9 estar disposto a aprender cada vez mais, se preparando para o futuro. \ud83e\udd13<\/p>\n\n\n\n<div class=\"wp-block-columns is-layout-flex wp-container-core-columns-is-layout-9d6595d7 wp-block-columns-is-layout-flex\">\n<div class=\"wp-block-column is-layout-flow wp-block-column-is-layout-flow\" style=\"flex-basis:100%\">\n<p style=\"font-size:16px\">Sem d\u00favidas, o est\u00e1gio \u00e9 de suma import\u00e2ncia para a vida acad\u00eamica e profissional dos estudantes que est\u00e3o ingressando no Mercado de Trabalho. <br><\/p>\n<\/div>\n<\/div>\n\n\n\n<p class=\"has-luminous-vivid-orange-color has-text-color\" style=\"font-size:18px\"><strong>A Ellenco Est\u00e1gios homenageia e parabeniza todos voc\u00eas por esse dia t\u00e3o especial! \ud83e\udde1\ud83c\udf8a<\/strong><\/p>\n","protected":false},"excerpt":{"rendered":"<p>Ser estagi\u00e1rio(a) \u00e9 poder adquirir experi\u00eancia profissional, vivenciar o dia a dia do setor de interesse e ampliar sua rede de contatos, al\u00e9m de reunir habilidades t\u00e9cnicas e comportamentais, \u00e9 estar disposto a aprender cada vez mais, se preparando para o futuro. \ud83e\udd13 Sem d\u00favidas, o est\u00e1gio \u00e9 de suma import\u00e2ncia para a vida acad\u00eamica [&hellip;]<\/p>\n","protected":false},"author":1,"featured_media":269,"comment_status":"open","ping_status":"closed","sticky":false,"template":"","format":"standard","meta":{"footnotes":""},"categories":[1,18],"tags":[97,83,94,98,95,96,4,35],"class_list":["post-267","post","type-post","status-publish","format-standard","has-post-thumbnail","hentry","category-categoria-empresas","category-categoria-estagiarios","tag-17deagosto","tag-datacomemorativa","tag-diadoestagiario","tag-diadoestudante","tag-ensinomedio","tag-ensinosuperior","tag-estagio","tag-estudantes"],"_links":{"self":[{"href":"https:\/\/ellencoestagios.com.br\/blog\/wp-json\/wp\/v2\/posts\/267","targetHints":{"allow":["GET"]}}],"collection":[{"href":"https:\/\/ellencoestagios.com.br\/blog\/wp-json\/wp\/v2\/posts"}],"about":[{"href":"https:\/\/ellencoestagios.com.br\/blog\/wp-json\/wp\/v2\/types\/post"}],"author":[{"embeddable":true,"href":"https:\/\/ellencoestagios.com.br\/blog\/wp-json\/wp\/v2\/users\/1"}],"replies":[{"embeddable":true,"href":"https:\/\/ellencoestagios.com.br\/blog\/wp-json\/wp\/v2\/comments?post=267"}],"version-history":[{"count":4,"href":"https:\/\/ellencoestagios.com.br\/blog\/wp-json\/wp\/v2\/posts\/267\/revisions"}],"predecessor-version":[{"id":277,"href":"https:\/\/ellencoestagios.com.br\/blog\/wp-json\/wp\/v2\/posts\/267\/revisions\/277"}],"wp:featuredmedia":[{"embeddable":true,"href":"https:\/\/ellencoestagios.com.br\/blog\/wp-json\/wp\/v2\/media\/269"}],"wp:attachment":[{"href":"https:\/\/ellencoestagios.com.br\/blog\/wp-json\/wp\/v2\/media?parent=267"}],"wp:term":[{"taxonomy":"category","embeddable":true,"href":"https:\/\/ellencoestagios.com.br\/blog\/wp-json\/wp\/v2\/categories?post=267"},{"taxonomy":"post_tag","embeddable":true,"href":"https:\/\/ellencoestagios.com.br\/blog\/wp-json\/wp\/v2\/tags?post=267"}],"curies":[{"name":"wp","href":"https:\/\/api.w.org\/{rel}","templated":true}]}}