{"id":126,"date":"2020-06-04T15:29:01","date_gmt":"2020-06-04T18:29:01","guid":{"rendered":"https:\/\/ellencoestagios.com.br\/blog\/?p=126"},"modified":"2021-06-16T13:47:09","modified_gmt":"2021-06-16T16:47:09","slug":"dia-do-profissional-de-rh-a-historia-e-a-importancia-do-rh-nas-empresas","status":"publish","type":"post","link":"https:\/\/ellencoestagios.com.br\/blog\/2020\/06\/04\/dia-do-profissional-de-rh-a-historia-e-a-importancia-do-rh-nas-empresas\/","title":{"rendered":"Dia do profissional de RH: a hist\u00f3ria e a import\u00e2ncia do RH nas empresas!"},"content":{"rendered":"\n<p>O dia do profissional de recursos\nhumanos \u00e9 comemorado em 3 de Junho, sendo uma figura importante para as\nempresas e que lida diariamente com os profissionais integrados a institui\u00e7\u00e3o e\no relacionamento da corpora\u00e7\u00e3o.<\/p>\n\n\n\n<p>Esta comemora\u00e7\u00e3o acontece devido \u00e0\nfunda\u00e7\u00e3o WFPMA (World Federation of People Management Associations) que ocorreu\nem 1976, com o intuito de compor uma rede de profissionais voltados \u00e0 gest\u00e3o de\npessoas, que nos dias atuais possui reconhecimento dos trabalhadores para o\nsucesso das empresas.<\/p>\n\n\n\n<p>No Brasil, o reconhecimento ocorreu no mesmo ano partindo da iniciativa da funda\u00e7\u00e3o ABRH-SP (Associa\u00e7\u00e3o Brasileira de Recursos Humanos \u2013 S\u00e3o Paulo), por Gen\u00e9sio Lucone.<\/p>\n\n\n\n<ul class=\"wp-block-list\"><li><strong>Qual a import\u00e2ncia do RH nas empresas?<\/strong><\/li><\/ul>\n\n\n\n<p>Atualmente compreendemos como o setor de Recursos Humanos \u00e9 significativo e pode fazer toda diferen\u00e7a para as organiza\u00e7\u00f5es, tendo uma abordagem voltada para a revolu\u00e7\u00e3o da gest\u00e3o de pessoas e compreendendo as necessidades da corpora\u00e7\u00e3o, e o que cada funcion\u00e1rio \u00e9 capaz de exercer. Assim, este departamento \u00e9 direcionado para a estrutura\u00e7\u00e3o e melhores condi\u00e7\u00f5es de trabalho, promovendo motiva\u00e7\u00f5es e ambientes positivos na institui\u00e7\u00e3o, tornando a empresa como um organismo que atua de maneira integrada e direcionada.<\/p>\n\n\n\n<p>Nesses 44 anos em que esta data \u00e9 celebrada, percebemos o desenvolvimento do papel do RH dentro das organiza\u00e7\u00f5es, destacando todo o seu esfor\u00e7o para a corpora\u00e7\u00e3o, al\u00e9m de contribuir no envolvimento corporativo. <\/p>\n\n\n\n<p><strong>PARAB\u00c9NS A TODOS OS PROFISSIONAIS DE RECURSOS HUMANOS !!!<\/strong><\/p>\n","protected":false},"excerpt":{"rendered":"<p>O dia do profissional de recursos humanos \u00e9 comemorado em 3 de Junho, sendo uma figura importante para as empresas e que lida diariamente com os profissionais integrados a institui\u00e7\u00e3o e o relacionamento da corpora\u00e7\u00e3o. Esta comemora\u00e7\u00e3o acontece devido \u00e0 funda\u00e7\u00e3o WFPMA (World Federation of People Management Associations) que ocorreu em 1976, com o intuito [&hellip;]<\/p>\n","protected":false},"author":1,"featured_media":128,"comment_status":"open","ping_status":"closed","sticky":false,"template":"","format":"standard","meta":{"footnotes":""},"categories":[1,18],"tags":[7,14,28,10,15,13,8,31,30,29,9,11],"class_list":["post-126","post","type-post","status-publish","format-standard","has-post-thumbnail","hentry","category-categoria-empresas","category-categoria-estagiarios","tag-adolescentes","tag-contratacoes","tag-ellencoestagios","tag-emprego","tag-empresas","tag-jovens","tag-oportunidade","tag-profissionais","tag-recursoshumanos","tag-rh","tag-vaga","tag-vagas"],"_links":{"self":[{"href":"https:\/\/ellencoestagios.com.br\/blog\/wp-json\/wp\/v2\/posts\/126","targetHints":{"allow":["GET"]}}],"collection":[{"href":"https:\/\/ellencoestagios.com.br\/blog\/wp-json\/wp\/v2\/posts"}],"about":[{"href":"https:\/\/ellencoestagios.com.br\/blog\/wp-json\/wp\/v2\/types\/post"}],"author":[{"embeddable":true,"href":"https:\/\/ellencoestagios.com.br\/blog\/wp-json\/wp\/v2\/users\/1"}],"replies":[{"embeddable":true,"href":"https:\/\/ellencoestagios.com.br\/blog\/wp-json\/wp\/v2\/comments?post=126"}],"version-history":[{"count":7,"href":"https:\/\/ellencoestagios.com.br\/blog\/wp-json\/wp\/v2\/posts\/126\/revisions"}],"predecessor-version":[{"id":136,"href":"https:\/\/ellencoestagios.com.br\/blog\/wp-json\/wp\/v2\/posts\/126\/revisions\/136"}],"wp:featuredmedia":[{"embeddable":true,"href":"https:\/\/ellencoestagios.com.br\/blog\/wp-json\/wp\/v2\/media\/128"}],"wp:attachment":[{"href":"https:\/\/ellencoestagios.com.br\/blog\/wp-json\/wp\/v2\/media?parent=126"}],"wp:term":[{"taxonomy":"category","embeddable":true,"href":"https:\/\/ellencoestagios.com.br\/blog\/wp-json\/wp\/v2\/categories?post=126"},{"taxonomy":"post_tag","embeddable":true,"href":"https:\/\/ellencoestagios.com.br\/blog\/wp-json\/wp\/v2\/tags?post=126"}],"curies":[{"name":"wp","href":"https:\/\/api.w.org\/{rel}","templated":true}]}}