{"id":109,"date":"2020-05-12T14:57:07","date_gmt":"2020-05-12T17:57:07","guid":{"rendered":"https:\/\/ellencoestagios.com.br\/blog\/?p=109"},"modified":"2021-06-16T14:17:37","modified_gmt":"2021-06-16T17:17:37","slug":"juntos-nessa-causa-ellenco-estagios-e-voce","status":"publish","type":"post","link":"https:\/\/ellencoestagios.com.br\/blog\/2020\/05\/12\/juntos-nessa-causa-ellenco-estagios-e-voce\/","title":{"rendered":"Juntos nessa causa: Ellenco Est\u00e1gios e voc\u00ea!"},"content":{"rendered":"\n<p>Ouvimos constantemente sobre o Coronav\u00edrus, com suas estat\u00edsticas\nde mortalidade, e como isso mudou a rotina das pessoas do mundo inteiro. Assim,\ntamb\u00e9m vemos como as empresas e os colaboradores tiveram que se adequar e se\nreinventar rapidamente a nova rotina.<\/p>\n\n\n\n<p>Desse modo n\u00e3o seria diferente para o estudante\/estagi\u00e1rio, que sofreram com a rotina escolar readaptada. Nos da Ellenco Est\u00e1gios compreendemos que esta \u00e9 uma fase dif\u00edcil e que todos est\u00e3o passando pelas mesmas dificuldades, mas acreditamos que esse momento vai passar e estamos com voc\u00eas nessa luta para retomar as atividades, acreditando que as oportunidades ir\u00e3o chegar.<\/p>\n\n\n\n<p>Fiquem atentos as nossas redes sociais para eventuais vagas, informa\u00e7\u00f5es,\ndicas e diversos conte\u00fados para voc\u00eas!<\/p>\n","protected":false},"excerpt":{"rendered":"<p>Ouvimos constantemente sobre o Coronav\u00edrus, com suas estat\u00edsticas de mortalidade, e como isso mudou a rotina das pessoas do mundo inteiro. Assim, tamb\u00e9m vemos como as empresas e os colaboradores tiveram que se adequar e se reinventar rapidamente a nova rotina. Desse modo n\u00e3o seria diferente para o estudante\/estagi\u00e1rio, que sofreram com a rotina escolar [&hellip;]<\/p>\n","protected":false},"author":1,"featured_media":110,"comment_status":"open","ping_status":"closed","sticky":false,"template":"","format":"standard","meta":{"footnotes":""},"categories":[1,18],"tags":[7,5,10,4,12,13,8,9,11],"class_list":["post-109","post","type-post","status-publish","format-standard","has-post-thumbnail","hentry","category-categoria-empresas","category-categoria-estagiarios","tag-adolescentes","tag-ellencoestagio","tag-emprego","tag-estagio","tag-estudante","tag-jovens","tag-oportunidade","tag-vaga","tag-vagas"],"_links":{"self":[{"href":"https:\/\/ellencoestagios.com.br\/blog\/wp-json\/wp\/v2\/posts\/109","targetHints":{"allow":["GET"]}}],"collection":[{"href":"https:\/\/ellencoestagios.com.br\/blog\/wp-json\/wp\/v2\/posts"}],"about":[{"href":"https:\/\/ellencoestagios.com.br\/blog\/wp-json\/wp\/v2\/types\/post"}],"author":[{"embeddable":true,"href":"https:\/\/ellencoestagios.com.br\/blog\/wp-json\/wp\/v2\/users\/1"}],"replies":[{"embeddable":true,"href":"https:\/\/ellencoestagios.com.br\/blog\/wp-json\/wp\/v2\/comments?post=109"}],"version-history":[{"count":2,"href":"https:\/\/ellencoestagios.com.br\/blog\/wp-json\/wp\/v2\/posts\/109\/revisions"}],"predecessor-version":[{"id":113,"href":"https:\/\/ellencoestagios.com.br\/blog\/wp-json\/wp\/v2\/posts\/109\/revisions\/113"}],"wp:featuredmedia":[{"embeddable":true,"href":"https:\/\/ellencoestagios.com.br\/blog\/wp-json\/wp\/v2\/media\/110"}],"wp:attachment":[{"href":"https:\/\/ellencoestagios.com.br\/blog\/wp-json\/wp\/v2\/media?parent=109"}],"wp:term":[{"taxonomy":"category","embeddable":true,"href":"https:\/\/ellencoestagios.com.br\/blog\/wp-json\/wp\/v2\/categories?post=109"},{"taxonomy":"post_tag","embeddable":true,"href":"https:\/\/ellencoestagios.com.br\/blog\/wp-json\/wp\/v2\/tags?post=109"}],"curies":[{"name":"wp","href":"https:\/\/api.w.org\/{rel}","templated":true}]}}